{"id":40,"name":"Elizabeth Davi","url":"","description":"Parent EEUDF depuis 2004, quand nos ain\u00e9s avaient 8ans, je me suis progressivement impliqu\u00e9e dans la vie du GL, d'abord en tant que parent-coup-de-main et ensuite en tant que CGL de 2011 \u00e0 2015.","link":"http:\/\/www.eeudfboulogne.fr\/v2\/author\/elisabeth-davi\/","slug":"elisabeth-davi","avatar_urls":{"24":"http:\/\/2.gravatar.com\/avatar\/54e8ac5418cd8cdd4d2e400ff3664a2a?s=24&d=mm&r=g","48":"http:\/\/2.gravatar.com\/avatar\/54e8ac5418cd8cdd4d2e400ff3664a2a?s=48&d=mm&r=g","96":"http:\/\/2.gravatar.com\/avatar\/54e8ac5418cd8cdd4d2e400ff3664a2a?s=96&d=mm&r=g"},"meta":[],"_links":{"self":[{"href":"http:\/\/www.eeudfboulogne.fr\/v2\/wp-json\/wp\/v2\/users\/40"}],"collection":[{"href":"http:\/\/www.eeudfboulogne.fr\/v2\/wp-json\/wp\/v2\/users"}]}}