{"id":8831,"date":"2014-07-13T00:00:40","date_gmt":"2014-07-12T22:00:40","guid":{"rendered":"http:\/\/www.eeudfboulogne.fr\/v2\/?p=8831"},"modified":"2014-11-08T20:28:31","modified_gmt":"2014-11-08T19:28:31","slug":"ca-y-est-a-colleville-le-folklore-a-commence","status":"publish","type":"post","link":"http:\/\/www.eeudfboulogne.fr\/v2\/2014\/07\/13\/ca-y-est-a-colleville-le-folklore-a-commence\/","title":{"rendered":"\u00c7a y est, \u00e0 Colleville le folklore a commenc\u00e9"},"content":{"rendered":"<p>Les installations sont termin\u00e9es et le camp d\u00e9marre vraiment.<\/p>\n<p>Ils se sont tous tr\u00e8s bien d\u00e9brouill\u00e9s et ils ont beaucoup travaill\u00e9.<\/p>\n<p><!--more-->Les chefs ont donn\u00e9 un coup de mains aux les filles pour porter les choses lourdes.<\/p>\n<p>Le temps est capricieux, donc ils ont \u00e9t\u00e9 un peu humides, mais les sacs de couchage ont toujours \u00e9t\u00e9 secs.<\/p>\n<p>Il y a tr\u00e8s peu de tics et pas de poux !<\/p>\n<p>Pour les courses, Coati a l&rsquo;aide d&rsquo;un ami, et Anolis, qui a son permis, est venue leur donner un coup de main. Tous le monde mange bien et beaucoup.<\/p>\n<p>Depuis aujourd&rsquo;hui chaque patrouille a son coin cuisine toutes options !<\/p>\n<p>Le folklore a commenc\u00e9 : les \u00e9claireurs ont \u00e9chou\u00e9 sur une \u00eele maudite dont ils cherchent \u00e0<\/p>\n<p>s&rsquo;\u00e9chapper. Sur cette \u00eele, il y 2 personnages mal\u00e9fiques : Herv\u00e9 Douille (alias Coati) et le Maire (alias Strix). Je n&rsquo;en sais pas plus et je n&rsquo;ai pas tr\u00e8s bien compris&#8230;<\/p>\n<p>Hier soir, certains \u00e9clais ont \u00e9t\u00e9 totemis\u00e9s, et il y en aura d&rsquo;autres&#8230;<\/p>\n<p>Ils restent au camp les prochains jours, des jeux sont pr\u00e9vus.<\/p>\n<p>Demain, 14 juillet, ils font la f\u00eate \u00e0 Colleville ou il y aura une boum au camp.<\/p>\n<div>\n<p>Donc tout va tr\u00e8s bien \u00e0 Colleville.<\/p>\n<p>Amiti\u00e9s,<\/p>\n<p>Elisabeth<\/p>\n<\/div>\n","protected":false},"excerpt":{"rendered":"<p>Les installations sont termin\u00e9es et le camp d\u00e9marre vraiment. Ils se sont tous tr\u00e8s bien d\u00e9brouill\u00e9s et ils ont beaucoup travaill\u00e9.<\/p>\n","protected":false},"author":39,"featured_media":0,"comment_status":"open","ping_status":"closed","sticky":false,"template":"","format":"standard","meta":{"ngg_post_thumbnail":0},"categories":[45],"tags":[],"_links":{"self":[{"href":"http:\/\/www.eeudfboulogne.fr\/v2\/wp-json\/wp\/v2\/posts\/8831"}],"collection":[{"href":"http:\/\/www.eeudfboulogne.fr\/v2\/wp-json\/wp\/v2\/posts"}],"about":[{"href":"http:\/\/www.eeudfboulogne.fr\/v2\/wp-json\/wp\/v2\/types\/post"}],"author":[{"embeddable":true,"href":"http:\/\/www.eeudfboulogne.fr\/v2\/wp-json\/wp\/v2\/users\/39"}],"replies":[{"embeddable":true,"href":"http:\/\/www.eeudfboulogne.fr\/v2\/wp-json\/wp\/v2\/comments?post=8831"}],"version-history":[{"count":2,"href":"http:\/\/www.eeudfboulogne.fr\/v2\/wp-json\/wp\/v2\/posts\/8831\/revisions"}],"predecessor-version":[{"id":9804,"href":"http:\/\/www.eeudfboulogne.fr\/v2\/wp-json\/wp\/v2\/posts\/8831\/revisions\/9804"}],"wp:attachment":[{"href":"http:\/\/www.eeudfboulogne.fr\/v2\/wp-json\/wp\/v2\/media?parent=8831"}],"wp:term":[{"taxonomy":"category","embeddable":true,"href":"http:\/\/www.eeudfboulogne.fr\/v2\/wp-json\/wp\/v2\/categories?post=8831"},{"taxonomy":"post_tag","embeddable":true,"href":"http:\/\/www.eeudfboulogne.fr\/v2\/wp-json\/wp\/v2\/tags?post=8831"}],"curies":[{"name":"wp","href":"https:\/\/api.w.org\/{rel}","templated":true}]}}