{"id":563,"date":"2009-07-22T10:16:31","date_gmt":"2009-07-22T08:16:31","guid":{"rendered":"http:\/\/www.eeudfboulogne.fr\/v2\/?p=563"},"modified":"2014-10-07T18:48:51","modified_gmt":"2014-10-07T16:48:51","slug":"22-juillet","status":"publish","type":"post","link":"http:\/\/www.eeudfboulogne.fr\/v2\/2009\/07\/22\/22-juillet\/","title":{"rendered":"22 Juillet"},"content":{"rendered":"<p>Les enfants sont en explo depuis hier. Les chefs sont pass\u00e9s les voir hier soir, ils \u00e9taient tous tr\u00e8s contents et l&rsquo;ambiance \u00e9tait excellente dans les patrouilles.<\/p>\n<p>Ils n&rsquo;ont pas pr\u00e9vu de faire beaucoup de km. Certains ont d\u00e9j\u00e0 test\u00e9 la pizzeria, d&rsquo;autres le kebab du coin, c&rsquo;\u00e9tait trop bon! Les chefs passeront les voir tous les jours pour s&rsquo;assurer que tout va bien.<\/p>\n<p>Ce matin, apr\u00e8s une petite pluie le temps se l\u00e8ve et le soleil revient.<\/p>\n<p>Guanaco et Surikate sont attendus aujourd&rsquo;hui sur lecamp, ils resteront jusqu&rsquo;\u00e0 la fin.<\/p>\n<p>Je passerai les voir vendredi et je rapporterai quelques photos samedi.<\/p>\n","protected":false},"excerpt":{"rendered":"<p>Les enfants sont en explo depuis hier. Les chefs sont pass\u00e9s les voir hier soir, ils \u00e9taient tous tr\u00e8s contents et l&rsquo;ambiance \u00e9tait excellente dans les patrouilles. Ils n&rsquo;ont pas pr\u00e9vu de faire beaucoup de km. Certains ont d\u00e9j\u00e0 test\u00e9 la pizzeria, d&rsquo;autres le kebab du coin, c&rsquo;\u00e9tait trop bon! Les chefs passeront les voir &hellip; <\/p>\n<p class=\"link-more\"><a href=\"http:\/\/www.eeudfboulogne.fr\/v2\/2009\/07\/22\/22-juillet\/\" class=\"more-link\">Continuer la lecture<span class=\"screen-reader-text\"> de &laquo;&nbsp;22 Juillet&nbsp;&raquo;<\/span><\/a><\/p>\n","protected":false},"author":47,"featured_media":0,"comment_status":"open","ping_status":"closed","sticky":false,"template":"","format":"standard","meta":{"ngg_post_thumbnail":0},"categories":[32],"tags":[],"_links":{"self":[{"href":"http:\/\/www.eeudfboulogne.fr\/v2\/wp-json\/wp\/v2\/posts\/563"}],"collection":[{"href":"http:\/\/www.eeudfboulogne.fr\/v2\/wp-json\/wp\/v2\/posts"}],"about":[{"href":"http:\/\/www.eeudfboulogne.fr\/v2\/wp-json\/wp\/v2\/types\/post"}],"author":[{"embeddable":true,"href":"http:\/\/www.eeudfboulogne.fr\/v2\/wp-json\/wp\/v2\/users\/47"}],"replies":[{"embeddable":true,"href":"http:\/\/www.eeudfboulogne.fr\/v2\/wp-json\/wp\/v2\/comments?post=563"}],"version-history":[{"count":1,"href":"http:\/\/www.eeudfboulogne.fr\/v2\/wp-json\/wp\/v2\/posts\/563\/revisions"}],"predecessor-version":[{"id":564,"href":"http:\/\/www.eeudfboulogne.fr\/v2\/wp-json\/wp\/v2\/posts\/563\/revisions\/564"}],"wp:attachment":[{"href":"http:\/\/www.eeudfboulogne.fr\/v2\/wp-json\/wp\/v2\/media?parent=563"}],"wp:term":[{"taxonomy":"category","embeddable":true,"href":"http:\/\/www.eeudfboulogne.fr\/v2\/wp-json\/wp\/v2\/categories?post=563"},{"taxonomy":"post_tag","embeddable":true,"href":"http:\/\/www.eeudfboulogne.fr\/v2\/wp-json\/wp\/v2\/tags?post=563"}],"curies":[{"name":"wp","href":"https:\/\/api.w.org\/{rel}","templated":true}]}}